{"id":11753,"date":"2026-09-03T09:21:04","date_gmt":"2026-09-03T14:21:04","guid":{"rendered":"https:\/\/livingatlasofquality.ca\/design-quality-and-etuaptmumk-two-eyed-seeing\/"},"modified":"2026-09-03T09:25:50","modified_gmt":"2026-09-03T14:25:50","slug":"design-quality-and-etuaptmumk-two-eyed-seeing","status":"publish","type":"post","link":"https:\/\/livingatlasofquality.ca\/fr\/design-quality-and-etuaptmumk-two-eyed-seeing\/","title":{"rendered":"Regarder l&rsquo;enregistrement : Qualit\u00e9 de la conception et Etuaptmumk \/ Le double regard"},"content":{"rendered":"\n<p class=\"has-medium-font-size wp-block-paragraph\">La s\u00e9ance d\u2019ouverture de la convention \u00ab La qualit\u00e9 dans l&rsquo;environnement b\u00e2ti \u00bb 2026 \u00e0 Winnipeg r\u00e9unit l\u2019a\u00een\u00e9 Albert D. Marshall et l\u2019architecte Richard Kroeker pour une conversation sur la mani\u00e8re dont les modes de savoir autochtones peuvent red\u00e9finir notre conception de la qualit\u00e9 dans l\u2019environnement b\u00e2ti. Au c\u0153ur de la discussion se trouve la \u00ab le double regard \u00bb (Two-Eyed Seeing), qui consiste \u00e0 tirer parti conjointement des atouts des syst\u00e8mes de savoir autochtones et occidentaux, ainsi que des principes connexes de relations, de r\u00e9ciprocit\u00e9, de relation et de responsabilit\u00e9. \u00c0 travers des r\u00e9cits portant sur l\u2019architecture, l\u2019\u00e9ducation, la terre, les mat\u00e9riaux et la communaut\u00e9, les intervenants remettent en question les approches conventionnelles qui traitent les b\u00e2timents comme des objets isol\u00e9s et nous invitent plut\u00f4t \u00e0 les consid\u00e9rer comme faisant partie int\u00e9grante de relations dynamiques entre les personnes, les lieux, les mat\u00e9riaux, les \u00e9cosyst\u00e8mes et les g\u00e9n\u00e9rations futures.<\/p>\n\n\n\n<p class=\"has-medium-font-size wp-block-paragraph\">La conversation s\u2019ouvre ensuite \u00e0 l\u2019ensemble de l\u2019auditoire, invitant \u00e9tudiants, enseignants, architectes, chercheurs, \u00e9cologistes et membres de la communaut\u00e9 \u00e0 d\u00e9battre de la r\u00e9conciliation et des actions concr\u00e8tes. Les th\u00e8mes abord\u00e9s vont de la repr\u00e9sentation autochtone dans l\u2019enseignement de l\u2019architecture et du r\u00f4le des a\u00een\u00e9s \u00e0 l\u2019apprentissage ancr\u00e9 dans le territoire, en passant par l\u2019accessibilit\u00e9, la protection de l\u2019environnement, la propri\u00e9t\u00e9 fonci\u00e8re, le logement, la consommation d\u2019\u00e9nergie, les valeurs \u00e9conomiques et les obstacles structurels qui fa\u00e7onnent la conception et les politiques. Tout au long de la session, le d\u00e9bat revient sur un enjeu central : passer de la discussion \u00e0 l\u2019action, et repenser l\u2019environnement b\u00e2ti comme une opportunit\u00e9 de restauration plut\u00f4t que de destruction. Avant tout, l\u2019a\u00een\u00e9 Marshall invite les participants, en particulier la prochaine g\u00e9n\u00e9ration, \u00e0 prendre conscience de leur identit\u00e9, \u00e0 s\u2019inspirer de multiples modes de connaissance, \u00e0 travailler collectivement et \u00e0 r\u00e9fl\u00e9chir \u00e0 la mani\u00e8re dont leurs d\u00e9cisions peuvent profiter \u00e0 la fois aux personnes et au monde naturel pour les g\u00e9n\u00e9rations \u00e0 venir.<\/p>\n\n\n\n<p class=\"has-medium-font-size wp-block-paragraph\"><strong>Vous pouvez visionner l&rsquo;enregistrement de la session ci-dessous (en anglais):<\/strong><\/p>\n\n\n\n<figure class=\"wp-block-embed is-type-video is-provider-vimeo wp-block-embed-vimeo wp-embed-aspect-16-9 wp-has-aspect-ratio\"><div class=\"wp-block-embed__wrapper\">\n<iframe title=\"Design Quality and Etuaptmumk \/ Two-Eyed-Seeing\" src=\"https:\/\/player.vimeo.com\/video\/1219295064?h=3fb3bc08a8&amp;dnt=1&amp;app_id=122963\" width=\"1320\" height=\"743\" frameborder=\"0\" allow=\"autoplay; fullscreen; picture-in-picture; clipboard-write; encrypted-media; web-share\" referrerpolicy=\"strict-origin-when-cross-origin\"><\/iframe>\n<\/div><\/figure>\n","protected":false},"excerpt":{"rendered":"<p>La s\u00e9ance d\u2019ouverture de la convention \u00ab La qualit\u00e9 dans l&rsquo;environnement b\u00e2ti \u00bb 2026 \u00e0 Winnipeg r\u00e9unit l\u2019a\u00een\u00e9 Albert D. Marshall et l\u2019architecte Richard Kroeker pour une conversation sur la mani\u00e8re dont les modes de savoir autochtones peuvent red\u00e9finir notre conception de la qualit\u00e9 dans l\u2019environnement b\u00e2ti. Au c\u0153ur de la discussion se trouve la [&hellip;]<\/p>\n","protected":false},"author":7,"featured_media":11750,"comment_status":"closed","ping_status":"closed","sticky":false,"template":"","format":"standard","meta":{"_acf_changed":false,"_relevanssi_hide_post":"","_relevanssi_hide_content":"","_relevanssi_pin_for_all":"","_relevanssi_pin_keywords":"","_relevanssi_unpin_keywords":"","_relevanssi_related_keywords":"","_relevanssi_related_include_ids":"","_relevanssi_related_exclude_ids":"","_relevanssi_related_no_append":"","_relevanssi_related_not_related":"","_relevanssi_related_posts":"9213,1204,2086,1833,1262,9855","_relevanssi_noindex_reason":"","footnotes":""},"categories":[21],"tags":[],"class_list":["post-11753","post","type-post","status-publish","format-standard","has-post-thumbnail","hentry","category-evenements"],"acf":[],"_links":{"self":[{"href":"https:\/\/livingatlasofquality.ca\/fr\/wp-json\/wp\/v2\/posts\/11753","targetHints":{"allow":["GET"]}}],"collection":[{"href":"https:\/\/livingatlasofquality.ca\/fr\/wp-json\/wp\/v2\/posts"}],"about":[{"href":"https:\/\/livingatlasofquality.ca\/fr\/wp-json\/wp\/v2\/types\/post"}],"author":[{"embeddable":true,"href":"https:\/\/livingatlasofquality.ca\/fr\/wp-json\/wp\/v2\/users\/7"}],"replies":[{"embeddable":true,"href":"https:\/\/livingatlasofquality.ca\/fr\/wp-json\/wp\/v2\/comments?post=11753"}],"version-history":[{"count":1,"href":"https:\/\/livingatlasofquality.ca\/fr\/wp-json\/wp\/v2\/posts\/11753\/revisions"}],"predecessor-version":[{"id":11755,"href":"https:\/\/livingatlasofquality.ca\/fr\/wp-json\/wp\/v2\/posts\/11753\/revisions\/11755"}],"wp:featuredmedia":[{"embeddable":true,"href":"https:\/\/livingatlasofquality.ca\/fr\/wp-json\/wp\/v2\/media\/11750"}],"wp:attachment":[{"href":"https:\/\/livingatlasofquality.ca\/fr\/wp-json\/wp\/v2\/media?parent=11753"}],"wp:term":[{"taxonomy":"category","embeddable":true,"href":"https:\/\/livingatlasofquality.ca\/fr\/wp-json\/wp\/v2\/categories?post=11753"},{"taxonomy":"post_tag","embeddable":true,"href":"https:\/\/livingatlasofquality.ca\/fr\/wp-json\/wp\/v2\/tags?post=11753"}],"curies":[{"name":"wp","href":"https:\/\/api.w.org\/{rel}","templated":true}]}}